{"id":1470,"date":"2024-02-28T20:21:14","date_gmt":"2024-02-28T19:21:14","guid":{"rendered":"https:\/\/ficedula.pl\/?p=1470"},"modified":"2024-02-28T20:21:52","modified_gmt":"2024-02-28T19:21:52","slug":"noc-sow-w-starachowicach","status":"publish","type":"post","link":"https:\/\/ficedula.pl\/index.php\/2024\/02\/28\/noc-sow-w-starachowicach\/","title":{"rendered":"Noc S\u00f3w w Starachowicach"},"content":{"rendered":"\n<figure class=\"wp-block-image size-large\"><img loading=\"lazy\" decoding=\"async\" width=\"1024\" height=\"576\" src=\"https:\/\/ficedula.pl\/wp-content\/uploads\/2024\/02\/Spacer-2-1024x576.jpg\" alt=\"\" class=\"wp-image-1471\" srcset=\"https:\/\/ficedula.pl\/wp-content\/uploads\/2024\/02\/Spacer-2-1024x576.jpg 1024w, https:\/\/ficedula.pl\/wp-content\/uploads\/2024\/02\/Spacer-2-300x169.jpg 300w, https:\/\/ficedula.pl\/wp-content\/uploads\/2024\/02\/Spacer-2-768x432.jpg 768w, https:\/\/ficedula.pl\/wp-content\/uploads\/2024\/02\/Spacer-2-1536x864.jpg 1536w, https:\/\/ficedula.pl\/wp-content\/uploads\/2024\/02\/Spacer-2.jpg 1920w\" sizes=\"auto, (max-width: 767px) 89vw, (max-width: 1000px) 54vw, (max-width: 1071px) 543px, 580px\" \/><\/figure>\n\n\n\n<p>Noc S\u00f3w w Starachowicach <img loading=\"lazy\" decoding=\"async\" height=\"16\" width=\"16\" src=\"https:\/\/static.xx.fbcdn.net\/images\/emoji.php\/v9\/t12\/1\/16\/1f989.png\" alt=\"\ud83e\udd89\"><img loading=\"lazy\" decoding=\"async\" height=\"16\" width=\"16\" src=\"https:\/\/static.xx.fbcdn.net\/images\/emoji.php\/v9\/tde\/1\/16\/1f43e.png\" alt=\"\ud83d\udc3e\"><\/p>\n\n\n\n<p><strong>Stowarzyszenie Ficedula serdecznie zaprasza na drugi spacer przyrodniczy po lasach gminy Starachowice. W pi\u0105tek 8 marca spotkamy si\u0119 o godzinie 19:00 i przyjrzymy si\u0119 nocnemu \u017cyciu lasu.<\/strong><\/p>\n\n\n\n<p><strong>Zapisy: <a href=\"https:\/\/app.evenea.pl\/event\/895235-3\/?fbclid=IwAR10JIFqJnBo1420TTC02lJo9NvGsHtCeriJjX-pvufY7Q2TL1COkAfcMJU\" target=\"_blank\" rel=\"noreferrer noopener\">https:\/\/app.evenea.pl\/event\/895235-3\/<\/a><\/strong><\/p>\n\n\n\n<p>Las <a><\/a>noc\u0105 zmienia si\u0119 nie do poznania. Wzrok ust\u0119puje s\u0142uchowi, a przetrwanie zale\u017cy od\u2026 bycia niezauwa\u017calnym \u2013 cichym i czujnym. Podczas spaceru skupimy si\u0119 na sowach i innych zwierz\u0119tach, kt\u00f3re s\u0105 aktywne noc\u0105. Porozmawiamy r\u00f3wnie\u017c o wa\u017cnej roli drzew, jako filtry zanieczyszcze\u0144 powietrza. <img loading=\"lazy\" decoding=\"async\" height=\"16\" width=\"16\" alt=\"\ud83c\udf33\" src=\"https:\/\/static.xx.fbcdn.net\/images\/emoji.php\/v9\/t6b\/1\/16\/1f333.png\"><img loading=\"lazy\" decoding=\"async\" height=\"16\" width=\"16\" alt=\"\ud83c\udf32\" src=\"https:\/\/static.xx.fbcdn.net\/images\/emoji.php\/v9\/tea\/1\/16\/1f332.png\"><img loading=\"lazy\" decoding=\"async\" height=\"16\" width=\"16\" alt=\"\ud83c\udf33\" src=\"https:\/\/static.xx.fbcdn.net\/images\/emoji.php\/v9\/t6b\/1\/16\/1f333.png\"><\/p>\n\n\n\n<p>Spotkanie potrwa oko\u0142o 3 godzin. Warto zabra\u0107 czo\u0142\u00f3wk\u0119 lub inn\u0105 latark\u0119, ubra\u0107 si\u0119 \u201ena cebulk\u0119\u201d, wzi\u0105\u0107 terenowe buty oraz termos i przek\u0105sk\u0119.<\/p>\n\n\n\n<p>W zale\u017cno\u015bci od warunk\u00f3w atmosferycznych, termin spotkania mo\u017ce ulec zmianie, o czym b\u0119dziemy informowa\u0107 zapisane osoby najp\u00f3\u017aniej dzie\u0144 przed spotkaniem.<\/p>\n\n\n\n<p><strong>Data: 8 marca 2024 r. (pi\u0105tek) godz. 19:00<\/strong><\/p>\n\n\n\n<p><strong>Miejsce zbi\u00f3rki: skraj lasu przy ul. Zgodnej (Starachowice)<\/strong><\/p>\n\n\n\n<p><strong>Google Maps: <a href=\"https:\/\/l.facebook.com\/l.php?u=https%3A%2F%2Fmaps.app.goo.gl%2Fx84e9FnBaYLYvVjn7%3Ffbclid%3DIwAR09jkdN4hWi4CRu2mi2mECdkbuRk2LD1FksUX5cNPybhKk3KQ9vn3Lc6kM&amp;h=AT0RliziYf2KZp0AubBs6sJBL_aK_WjmyLJi4uFO7xeopnm401j5hGs4a2Y49EnT6mjVZyHKidFqnYp-3zbUOjKfzR8wylSARS4PJynhYKFWFIC7oegZ4Ke3UZYA_ANJRbr5&amp;__tn__=-UK-R&amp;c[0]=AT3D1I302qynySAqbyyqCzWPbGdTyJAoYLOdBPOkgRxlhhnB7XK9xYUp5-1bIhWZx1eQQChNkNfuVRBm6Pg5OIC4cDqhvpo3Uj8HxCxWpepPtdzoIq4GYr2slEOWgB2RnlgJU_SeSuQolZyD4btSGNETouwunB6E6JwhxiQ0oxEiY49wMp3pshtwcqJxIdk92JttbgvidhnaEPxGvA\" target=\"_blank\" rel=\"noreferrer noopener\">https:\/\/maps.app.goo.gl\/x84e9FnBaYLYvVjn7<\/a><\/strong><\/p>\n\n\n\n<p>Zadanie publiczne &#8220;Razem dla czystego jutra&#8221; wsp\u00f3\u0142finansowane ze \u015brodk\u00f3w Gminy Starachowice.<\/p>\n","protected":false},"excerpt":{"rendered":"<p>Noc S\u00f3w w Starachowicach Stowarzyszenie Ficedula serdecznie zaprasza na drugi spacer przyrodniczy po lasach gminy Starachowice. W pi\u0105tek 8 marca spotkamy si\u0119 o godzinie 19:00 i przyjrzymy si\u0119 nocnemu \u017cyciu lasu. Zapisy: https:\/\/app.evenea.pl\/event\/895235-3\/ Las noc\u0105 zmienia si\u0119 nie do poznania. Wzrok ust\u0119puje s\u0142uchowi, a przetrwanie zale\u017cy od\u2026 bycia niezauwa\u017calnym \u2013 cichym i czujnym. Podczas spaceru &hellip; <\/p>\n<p class=\"link-more\"><a href=\"https:\/\/ficedula.pl\/index.php\/2024\/02\/28\/noc-sow-w-starachowicach\/\" class=\"more-link\">Czytaj dalej<span class=\"screen-reader-text\"> \u201eNoc S\u00f3w w Starachowicach\u201d<\/span><\/a><\/p>\n","protected":false},"author":2,"featured_media":1471,"comment_status":"closed","ping_status":"open","sticky":false,"template":"","format":"standard","meta":{"footnotes":""},"categories":[3],"tags":[],"class_list":["post-1470","post","type-post","status-publish","format-standard","has-post-thumbnail","hentry","category-news"],"_links":{"self":[{"href":"https:\/\/ficedula.pl\/index.php\/wp-json\/wp\/v2\/posts\/1470","targetHints":{"allow":["GET"]}}],"collection":[{"href":"https:\/\/ficedula.pl\/index.php\/wp-json\/wp\/v2\/posts"}],"about":[{"href":"https:\/\/ficedula.pl\/index.php\/wp-json\/wp\/v2\/types\/post"}],"author":[{"embeddable":true,"href":"https:\/\/ficedula.pl\/index.php\/wp-json\/wp\/v2\/users\/2"}],"replies":[{"embeddable":true,"href":"https:\/\/ficedula.pl\/index.php\/wp-json\/wp\/v2\/comments?post=1470"}],"version-history":[{"count":2,"href":"https:\/\/ficedula.pl\/index.php\/wp-json\/wp\/v2\/posts\/1470\/revisions"}],"predecessor-version":[{"id":1474,"href":"https:\/\/ficedula.pl\/index.php\/wp-json\/wp\/v2\/posts\/1470\/revisions\/1474"}],"wp:featuredmedia":[{"embeddable":true,"href":"https:\/\/ficedula.pl\/index.php\/wp-json\/wp\/v2\/media\/1471"}],"wp:attachment":[{"href":"https:\/\/ficedula.pl\/index.php\/wp-json\/wp\/v2\/media?parent=1470"}],"wp:term":[{"taxonomy":"category","embeddable":true,"href":"https:\/\/ficedula.pl\/index.php\/wp-json\/wp\/v2\/categories?post=1470"},{"taxonomy":"post_tag","embeddable":true,"href":"https:\/\/ficedula.pl\/index.php\/wp-json\/wp\/v2\/tags?post=1470"}],"curies":[{"name":"wp","href":"https:\/\/api.w.org\/{rel}","templated":true}]}}