{"id":1490,"date":"2024-03-11T10:12:51","date_gmt":"2024-03-11T09:12:51","guid":{"rendered":"https:\/\/ficedula.pl\/?p=1490"},"modified":"2024-03-14T10:13:13","modified_gmt":"2024-03-14T09:13:13","slug":"spacery-w-pasmie-jeleniowskim","status":"publish","type":"post","link":"https:\/\/ficedula.pl\/index.php\/2024\/03\/11\/spacery-w-pasmie-jeleniowskim\/","title":{"rendered":"Spacery w Pa\u015bmie Jeleniowskim"},"content":{"rendered":"\n<figure class=\"wp-block-image size-full\"><img loading=\"lazy\" decoding=\"async\" width=\"940\" height=\"788\" src=\"https:\/\/ficedula.pl\/wp-content\/uploads\/2024\/03\/Stowarzyszenie-FICEDULA-ZAPRASZA-NA-2.jpg\" alt=\"\" class=\"wp-image-1491\" srcset=\"https:\/\/ficedula.pl\/wp-content\/uploads\/2024\/03\/Stowarzyszenie-FICEDULA-ZAPRASZA-NA-2.jpg 940w, https:\/\/ficedula.pl\/wp-content\/uploads\/2024\/03\/Stowarzyszenie-FICEDULA-ZAPRASZA-NA-2-300x251.jpg 300w, https:\/\/ficedula.pl\/wp-content\/uploads\/2024\/03\/Stowarzyszenie-FICEDULA-ZAPRASZA-NA-2-768x644.jpg 768w\" sizes=\"auto, (max-width: 767px) 89vw, (max-width: 1000px) 54vw, (max-width: 1071px) 543px, 580px\" \/><\/figure>\n\n\n\n<p><strong>Ruszamy z wyczekiwanymi spacerami przyrodniczymi po Pa\u015bmie Jeleniowskim G\u00f3r \u015awi\u0119tokrzyskich! <img loading=\"lazy\" decoding=\"async\" height=\"16\" width=\"16\" src=\"https:\/\/static.xx.fbcdn.net\/images\/emoji.php\/v9\/tea\/1\/16\/1f332.png\" alt=\"\ud83c\udf32\"><img loading=\"lazy\" decoding=\"async\" height=\"16\" width=\"16\" src=\"https:\/\/static.xx.fbcdn.net\/images\/emoji.php\/v9\/t6b\/1\/16\/1f333.png\" alt=\"\ud83c\udf33\"><\/strong><\/p>\n\n\n\n<p>Na pocz\u0105tek, zapraszamy na dwa spacery, kt\u00f3re odb\u0119d\u0105 si\u0119 w sobot\u0119, 16 marca:<\/p>\n\n\n\n<p>Spacer dzienny, od godz. <strong>10:00<\/strong>, podczas kt\u00f3rego b\u0119dziemy obserwowa\u0107, jak przyroda budzi si\u0119 do \u017cycia po zimowym odpoczynku. <img loading=\"lazy\" decoding=\"async\" height=\"16\" width=\"16\" src=\"https:\/\/static.xx.fbcdn.net\/images\/emoji.php\/v9\/t1e\/1\/16\/1f33f.png\" alt=\"\ud83c\udf3f\"><img loading=\"lazy\" decoding=\"async\" height=\"16\" width=\"16\" src=\"https:\/\/static.xx.fbcdn.net\/images\/emoji.php\/v9\/tde\/1\/16\/1f43e.png\" alt=\"\ud83d\udc3e\"><img loading=\"lazy\" decoding=\"async\" height=\"16\" width=\"16\" src=\"https:\/\/static.xx.fbcdn.net\/images\/emoji.php\/v9\/tda\/1\/16\/1f43a.png\" alt=\"\ud83d\udc3a\"><\/p>\n\n\n\n<p><strong>Zapisy:<\/strong><\/p>\n\n\n\n<p><a href=\"https:\/\/app.evenea.pl\/event\/895235\/\">https:\/\/app.evenea.pl\/event\/895235\/<\/a><\/p>\n\n\n\n<p>Spacer wieczorowo-nocny, od godz. 17:30, podczas kt\u00f3rego spr\u00f3bujemy us\u0142ysze\u0107 i zobaczy\u0107 sowy, a przede wszystkim, przyjrzymy si\u0119 nocnemu \u017cyciu lasu. <img loading=\"lazy\" decoding=\"async\" height=\"16\" width=\"16\" alt=\"\ud83e\udd89\" src=\"https:\/\/static.xx.fbcdn.net\/images\/emoji.php\/v9\/t12\/1\/16\/1f989.png\"><img loading=\"lazy\" decoding=\"async\" height=\"16\" width=\"16\" alt=\"\ud83c\udf19\" src=\"https:\/\/static.xx.fbcdn.net\/images\/emoji.php\/v9\/t33\/1\/16\/1f319.png\"><\/p>\n\n\n\n<p><strong>Zapisy:<\/strong><\/p>\n\n\n\n<p><a href=\"https:\/\/app.evenea.pl\/event\/895236\/\">https:\/\/app.evenea.pl\/event\/895236\/<\/a><\/p>\n\n\n\n<p>Spacery potrwaj\u0105 oko\u0142o 3 godzin. Wst\u0119p jest bezp\u0142atny, jednak obowi\u0105zuj\u0105 zapisy.<\/p>\n\n\n\n<p><strong>Sobota, 16.03.2024 godz. 10:00 i godz. 17:30<\/strong><\/p>\n\n\n\n<p>Miejsce zbi\u00f3rki: wjazd do lasu od strony Jeleniowa.<\/p>\n\n\n\n<p>Mapy google: <a href=\"https:\/\/l.facebook.com\/l.php?u=https%3A%2F%2Fmaps.app.goo.gl%2Fc6RQTEESiewqPhbW9%3Ffbclid%3DIwAR37jisZwlA54NEhG2p-xe-LHypyPWIDNTxRlWf-dU_JLmhIFsqPMyuLJXc&amp;h=AT1a0EULai5Rv63oZo0js3_x4EU_7xuQ6Pe-irCnVBVBG16TujtKZ1z1-QwpbyUr3rEcaXTyJsKgeMHAQmmgZnIQXNLL2Kf5PkowwXwYFmBP46o6slYPZ36VYWOP6y-2YWoo&amp;__tn__=-UK-R&amp;c[0]=AT2jwF2u5fdnZN4ZUoEHR7d57tFZ_Uhk6zP8Vz6Kgil8EcE_q8dIbo8iKcpNYarHTNIiIzvkjAe0l-HN1UdoFwSeAOuthGyRcTQinErUhqCm1H7fmz5YqrzoTbq_ef82xIJV0nKHXEETU67O7jp_Hf4DjGE-W-qJt5TMZrR0cIgh-JBJ49tt1l4W06Ux8Z7Z7h6HsdffbknM\" rel=\"noreferrer noopener\" target=\"_blank\">https:\/\/maps.app.goo.gl\/c6RQTEESiewqPhbW9<\/a><\/p>\n\n\n\n<p>W przypadku pyta\u0144 jeste\u015bmy dost\u0119pni tutaj lub pod numerami telefon\u00f3w:<\/p>\n\n\n\n<p>888 667 166 (Kuba) lub 530 815 262 (Zuza).<\/p>\n\n\n\n<p>Zadanie publiczne &#8220;Przeciw uzale\u017cnieniom &#8211; natura jako lek&#8221; finansowane ze \u015brodk\u00f3w Gminy Nowa S\u0142upia.<\/p>\n","protected":false},"excerpt":{"rendered":"<p>Ruszamy z wyczekiwanymi spacerami przyrodniczymi po Pa\u015bmie Jeleniowskim G\u00f3r \u015awi\u0119tokrzyskich! Na pocz\u0105tek, zapraszamy na dwa spacery, kt\u00f3re odb\u0119d\u0105 si\u0119 w sobot\u0119, 16 marca: Spacer dzienny, od godz. 10:00, podczas kt\u00f3rego b\u0119dziemy obserwowa\u0107, jak przyroda budzi si\u0119 do \u017cycia po zimowym odpoczynku. Zapisy: https:\/\/app.evenea.pl\/event\/895235\/ Spacer wieczorowo-nocny, od godz. 17:30, podczas kt\u00f3rego spr\u00f3bujemy us\u0142ysze\u0107 i zobaczy\u0107 sowy, &hellip; <\/p>\n<p class=\"link-more\"><a href=\"https:\/\/ficedula.pl\/index.php\/2024\/03\/11\/spacery-w-pasmie-jeleniowskim\/\" class=\"more-link\">Czytaj dalej<span class=\"screen-reader-text\"> \u201eSpacery w Pa\u015bmie Jeleniowskim\u201d<\/span><\/a><\/p>\n","protected":false},"author":2,"featured_media":1491,"comment_status":"closed","ping_status":"open","sticky":false,"template":"","format":"standard","meta":{"footnotes":""},"categories":[3],"tags":[],"class_list":["post-1490","post","type-post","status-publish","format-standard","has-post-thumbnail","hentry","category-news"],"_links":{"self":[{"href":"https:\/\/ficedula.pl\/index.php\/wp-json\/wp\/v2\/posts\/1490","targetHints":{"allow":["GET"]}}],"collection":[{"href":"https:\/\/ficedula.pl\/index.php\/wp-json\/wp\/v2\/posts"}],"about":[{"href":"https:\/\/ficedula.pl\/index.php\/wp-json\/wp\/v2\/types\/post"}],"author":[{"embeddable":true,"href":"https:\/\/ficedula.pl\/index.php\/wp-json\/wp\/v2\/users\/2"}],"replies":[{"embeddable":true,"href":"https:\/\/ficedula.pl\/index.php\/wp-json\/wp\/v2\/comments?post=1490"}],"version-history":[{"count":1,"href":"https:\/\/ficedula.pl\/index.php\/wp-json\/wp\/v2\/posts\/1490\/revisions"}],"predecessor-version":[{"id":1492,"href":"https:\/\/ficedula.pl\/index.php\/wp-json\/wp\/v2\/posts\/1490\/revisions\/1492"}],"wp:featuredmedia":[{"embeddable":true,"href":"https:\/\/ficedula.pl\/index.php\/wp-json\/wp\/v2\/media\/1491"}],"wp:attachment":[{"href":"https:\/\/ficedula.pl\/index.php\/wp-json\/wp\/v2\/media?parent=1490"}],"wp:term":[{"taxonomy":"category","embeddable":true,"href":"https:\/\/ficedula.pl\/index.php\/wp-json\/wp\/v2\/categories?post=1490"},{"taxonomy":"post_tag","embeddable":true,"href":"https:\/\/ficedula.pl\/index.php\/wp-json\/wp\/v2\/tags?post=1490"}],"curies":[{"name":"wp","href":"https:\/\/api.w.org\/{rel}","templated":true}]}}