{"id":1500,"date":"2024-03-02T20:11:42","date_gmt":"2024-03-02T19:11:42","guid":{"rendered":"https:\/\/ficedula.pl\/?p=1500"},"modified":"2024-03-14T20:11:59","modified_gmt":"2024-03-14T19:11:59","slug":"przyrodnicze-spacery-w-wadowicach","status":"publish","type":"post","link":"https:\/\/ficedula.pl\/index.php\/2024\/03\/02\/przyrodnicze-spacery-w-wadowicach\/","title":{"rendered":"Przyrodnicze spacery w Wadowicach"},"content":{"rendered":"\n<figure class=\"wp-block-image size-full\"><img loading=\"lazy\" decoding=\"async\" width=\"940\" height=\"788\" src=\"http:\/\/ficedula.pl\/wp-content\/uploads\/2024\/03\/431239575_866010981991187_8204922132117548122_n.jpg\" alt=\"\" class=\"wp-image-1501\" srcset=\"https:\/\/ficedula.pl\/wp-content\/uploads\/2024\/03\/431239575_866010981991187_8204922132117548122_n.jpg 940w, https:\/\/ficedula.pl\/wp-content\/uploads\/2024\/03\/431239575_866010981991187_8204922132117548122_n-300x251.jpg 300w, https:\/\/ficedula.pl\/wp-content\/uploads\/2024\/03\/431239575_866010981991187_8204922132117548122_n-768x644.jpg 768w\" sizes=\"auto, (max-width: 767px) 89vw, (max-width: 1000px) 54vw, (max-width: 1071px) 543px, 580px\" \/><\/figure>\n\n\n\n<p><strong>Wadowice i okolice. Przyroda ju\u017c budzi si\u0119 z zimowego snu, dlatego rozpoczynamy nasze przyrodnicze spacery! <\/strong><\/p>\n\n\n\n<p>9 marca w sobot\u0119 o 18.00 zapraszamy na Sowi spacer po Jaroszowickiej G\u00f3rze. Wi\u0119cej informacji oraz zapisy:<\/p>\n\n\n\n<p><a href=\"https:\/\/app.evenea.pl\/event\/895235-4\">https:\/\/app.evenea.pl\/event\/895235-4<\/a><\/p>\n\n\n\n<p>10 marca w niedziel\u0119 o 10.00 zapraszamy na Wiosenny spacer po Jaroszowickiej G\u00f3rze Wi\u0119cej informacji oraz zapisy:<\/p>\n\n\n\n<p><a href=\"https:\/\/app.evenea.pl\/event\/895235-7\/\">https:\/\/app.evenea.pl\/event\/895235-7\/<\/a><\/p>\n\n\n\n<p>Zapraszamy wszystkich bez wzgl\u0119du na wiek. Udzia\u0142 w spacerach jest bezp\u0142atny, jednak obowi\u0105zuj\u0105 zapisy pod linkami podanymi powy\u017cej.<\/p>\n\n\n\n<p>Zadanie publiczne &#8220;Las bli\u017cej nas&#8221; wsp\u00f3\u0142finansowane ze \u015brodk\u00f3w Gminy Wadowice i Stowarzyszenia Ficedula.<\/p>\n","protected":false},"excerpt":{"rendered":"<p>Wadowice i okolice. Przyroda ju\u017c budzi si\u0119 z zimowego snu, dlatego rozpoczynamy nasze przyrodnicze spacery! 9 marca w sobot\u0119 o 18.00 zapraszamy na Sowi spacer po Jaroszowickiej G\u00f3rze. Wi\u0119cej informacji oraz zapisy: https:\/\/app.evenea.pl\/event\/895235-4 10 marca w niedziel\u0119 o 10.00 zapraszamy na Wiosenny spacer po Jaroszowickiej G\u00f3rze Wi\u0119cej informacji oraz zapisy: https:\/\/app.evenea.pl\/event\/895235-7\/ Zapraszamy wszystkich bez wzgl\u0119du &hellip; <\/p>\n<p class=\"link-more\"><a href=\"https:\/\/ficedula.pl\/index.php\/2024\/03\/02\/przyrodnicze-spacery-w-wadowicach\/\" class=\"more-link\">Czytaj dalej<span class=\"screen-reader-text\"> \u201ePrzyrodnicze spacery w Wadowicach\u201d<\/span><\/a><\/p>\n","protected":false},"author":2,"featured_media":1501,"comment_status":"closed","ping_status":"open","sticky":false,"template":"","format":"standard","meta":{"footnotes":""},"categories":[3],"tags":[],"class_list":["post-1500","post","type-post","status-publish","format-standard","has-post-thumbnail","hentry","category-news"],"_links":{"self":[{"href":"https:\/\/ficedula.pl\/index.php\/wp-json\/wp\/v2\/posts\/1500","targetHints":{"allow":["GET"]}}],"collection":[{"href":"https:\/\/ficedula.pl\/index.php\/wp-json\/wp\/v2\/posts"}],"about":[{"href":"https:\/\/ficedula.pl\/index.php\/wp-json\/wp\/v2\/types\/post"}],"author":[{"embeddable":true,"href":"https:\/\/ficedula.pl\/index.php\/wp-json\/wp\/v2\/users\/2"}],"replies":[{"embeddable":true,"href":"https:\/\/ficedula.pl\/index.php\/wp-json\/wp\/v2\/comments?post=1500"}],"version-history":[{"count":1,"href":"https:\/\/ficedula.pl\/index.php\/wp-json\/wp\/v2\/posts\/1500\/revisions"}],"predecessor-version":[{"id":1502,"href":"https:\/\/ficedula.pl\/index.php\/wp-json\/wp\/v2\/posts\/1500\/revisions\/1502"}],"wp:featuredmedia":[{"embeddable":true,"href":"https:\/\/ficedula.pl\/index.php\/wp-json\/wp\/v2\/media\/1501"}],"wp:attachment":[{"href":"https:\/\/ficedula.pl\/index.php\/wp-json\/wp\/v2\/media?parent=1500"}],"wp:term":[{"taxonomy":"category","embeddable":true,"href":"https:\/\/ficedula.pl\/index.php\/wp-json\/wp\/v2\/categories?post=1500"},{"taxonomy":"post_tag","embeddable":true,"href":"https:\/\/ficedula.pl\/index.php\/wp-json\/wp\/v2\/tags?post=1500"}],"curies":[{"name":"wp","href":"https:\/\/api.w.org\/{rel}","templated":true}]}}