{"id":1910,"date":"2025-12-05T08:28:53","date_gmt":"2025-12-05T07:28:53","guid":{"rendered":"https:\/\/ficedula.pl\/?p=1910"},"modified":"2025-12-05T08:29:15","modified_gmt":"2025-12-05T07:29:15","slug":"wyniki-konkursu-fotograficznego-przyroda-na-wyciagniecie-reki","status":"publish","type":"post","link":"https:\/\/ficedula.pl\/index.php\/2025\/12\/05\/wyniki-konkursu-fotograficznego-przyroda-na-wyciagniecie-reki\/","title":{"rendered":"Wyniki konkursu fotograficznego &#8220;Przyroda na wyci\u0105gni\u0119cie r\u0119ki&#8221;"},"content":{"rendered":"<div class=\"html-div xdj266r x14z9mp xat24cr x1lziwak xexx8yu xyri2b x18d9i69 x1c1uobl\" dir=\"auto\">\n<div class=\"html-div xdj266r x14z9mp xat24cr x1lziwak xexx8yu xyri2b x18d9i69 x1c1uobl\" data-ad-rendering-role=\"story_message\">\n<div id=\"_r_dli_\" class=\"x1l90r2v x1iorvi4 x1g0dm76 xpdmqnj\" data-ad-comet-preview=\"message\" data-ad-preview=\"message\">\n<div class=\"x78zum5 xdt5ytf xz62fqu x16ldp7u\">\n<div class=\"xu06os2 x1ok221b\">\n<div class=\"html-div xdj266r x14z9mp xat24cr x1lziwak xexx8yu xyri2b x18d9i69 x1c1uobl\">\n<figure id=\"attachment_1911\" aria-describedby=\"caption-attachment-1911\" style=\"width: 2560px\" class=\"wp-caption alignnone\"><img loading=\"lazy\" decoding=\"async\" class=\"wp-image-1911 size-full\" src=\"http:\/\/ficedula.pl\/wp-content\/uploads\/2025\/12\/Michal-Gliwa-Spotkanie-na-lace-1-scaled.jpg\" alt=\"&quot;Spotkanie na \u0142\u0105ce&quot;Micha\u0142 (SP 5 Wadowice) \nI miejsce\" width=\"2560\" height=\"1706\" srcset=\"https:\/\/ficedula.pl\/wp-content\/uploads\/2025\/12\/Michal-Gliwa-Spotkanie-na-lace-1-scaled.jpg 2560w, https:\/\/ficedula.pl\/wp-content\/uploads\/2025\/12\/Michal-Gliwa-Spotkanie-na-lace-1-300x200.jpg 300w, https:\/\/ficedula.pl\/wp-content\/uploads\/2025\/12\/Michal-Gliwa-Spotkanie-na-lace-1-1024x683.jpg 1024w, https:\/\/ficedula.pl\/wp-content\/uploads\/2025\/12\/Michal-Gliwa-Spotkanie-na-lace-1-768x512.jpg 768w, https:\/\/ficedula.pl\/wp-content\/uploads\/2025\/12\/Michal-Gliwa-Spotkanie-na-lace-1-1536x1024.jpg 1536w, https:\/\/ficedula.pl\/wp-content\/uploads\/2025\/12\/Michal-Gliwa-Spotkanie-na-lace-1-2048x1365.jpg 2048w\" sizes=\"auto, (max-width: 767px) 89vw, (max-width: 1000px) 54vw, (max-width: 1071px) 543px, 580px\" \/><figcaption id=\"caption-attachment-1911\" class=\"wp-caption-text\">&#8220;Spotkanie na \u0142\u0105ce&#8221; Micha\u0142 (SP 5 Wadowice) I miejsce<\/figcaption><\/figure>\n<p class=\"xdj266r x14z9mp xat24cr x1lziwak x1vvkbs x126k92a\"><strong>Zako\u0144czyli\u015bmy konkurs fotograficzny \u201ePrzyroda na wyci\u0105gni\u0119cie r\u0119ki\u201d dla m\u0142odych mieszkanek i mieszka\u0144c\u00f3w gminy Wadowice, po\u015bwi\u0119cony pi\u0119knu lokalnej przyrody. Jury przyzna\u0142o nagrody w dw\u00f3ch kategoriach wiekowych. Konkurs odby\u0142 si\u0119 pod patronatem Burmistrza Wadowic, Pana <span class=\"html-span xdj266r x14z9mp xat24cr x1lziwak xexx8yu xyri2b x18d9i69 x1c1uobl x1hl2dhg x16tdsg8 x1vvkbs\"><span class=\"xt0psk2\"><span class=\"xjp7ctv\">Bartosza Kali\u0144skiego<\/span><\/span><\/span>.<\/strong><\/p>\n<p><a href=\"https:\/\/www.facebook.com\/stowarzyszenieficedula\/posts\/pfbid028j1292Ahwe3BKXhPo9NQdTnwxw6PYpWMVF1hELQtesrkgqqDw7Utqtxo8ZGxfdr4l\">Zobacz nagrodzone prace na naszym Facebooku &#8211; kliknij!<\/a><\/p>\n<p dir=\"auto\">Wyniki:<\/p>\n<p dir=\"auto\"><strong>Kategoria szko\u0142y podstawowe (klasy 4\u20138):<\/strong><\/p>\n<ul>\n<li dir=\"auto\">I miejsce \u2013 Micha\u0142 (SP 5 Wadowice)<\/li>\n<li dir=\"auto\">II miejsce \u2013 Tomasz (SP w Ponikwi)<\/li>\n<li dir=\"auto\">III miejsce \u2013 Aniela (SP w Kleczy Dolnej)<\/li>\n<\/ul>\n<p><strong>Kategoria szko\u0142y ponadpodstawowe:<\/strong><\/p>\n<ul>\n<li class=\"x14z9mp xat24cr x1lziwak x1vvkbs xtlvy1s x126k92a\">\n<div dir=\"auto\">I miejsce \u2013 Julia (CKZiU nr 1 Wadowice)<\/div>\n<\/li>\n<li class=\"x14z9mp xat24cr x1lziwak x1vvkbs xtlvy1s x126k92a\">\n<div dir=\"auto\">II miejsce \u2013 Krzysztof (CKZiU nr 1 Wadowice)<\/div>\n<\/li>\n<li class=\"x14z9mp xat24cr x1lziwak x1vvkbs xtlvy1s x126k92a\">\n<div dir=\"auto\">III miejsce \u2013 Maja (I LO Wadowice)<\/div>\n<\/li>\n<\/ul>\n<p dir=\"auto\">Serdecznie gratulujemy wszystkim laureatkom i laureatom oraz dzi\u0119kujemy uczestnikom za wra\u017cliwo\u015b\u0107 na pi\u0119kno przyrody naszej gminy!<\/p>\n<p dir=\"auto\">Zadanie publiczne &#8220;Przyroda na wyci\u0105gniecie r\u0119ki&#8221; wsp\u00f3\u0142finansowane ze \u015brodk\u00f3w Gminy Wadowice i Stowarzyszenia Ficedula. Dzi\u0119kujemy za zaufanie!<\/p>\n<\/div>\n<\/div>\n<\/div>\n<\/div>\n<\/div>\n<\/div>\n","protected":false},"excerpt":{"rendered":"<p>Zako\u0144czyli\u015bmy konkurs fotograficzny \u201ePrzyroda na wyci\u0105gni\u0119cie r\u0119ki\u201d dla m\u0142odych mieszkanek i mieszka\u0144c\u00f3w gminy Wadowice, po\u015bwi\u0119cony pi\u0119knu lokalnej przyrody. Jury przyzna\u0142o nagrody w dw\u00f3ch kategoriach wiekowych. Konkurs odby\u0142 si\u0119 pod patronatem Burmistrza Wadowic, Pana Bartosza Kali\u0144skiego. Zobacz nagrodzone prace na naszym Facebooku &#8211; kliknij! Wyniki: Kategoria szko\u0142y podstawowe (klasy 4\u20138): I miejsce \u2013 Micha\u0142 (SP 5 &hellip; <\/p>\n<p class=\"link-more\"><a href=\"https:\/\/ficedula.pl\/index.php\/2025\/12\/05\/wyniki-konkursu-fotograficznego-przyroda-na-wyciagniecie-reki\/\" class=\"more-link\">Czytaj dalej<span class=\"screen-reader-text\"> \u201eWyniki konkursu fotograficznego &#8220;Przyroda na wyci\u0105gni\u0119cie r\u0119ki&#8221;\u201d<\/span><\/a><\/p>\n","protected":false},"author":2,"featured_media":1911,"comment_status":"closed","ping_status":"open","sticky":false,"template":"","format":"standard","meta":{"footnotes":""},"categories":[3],"tags":[],"class_list":["post-1910","post","type-post","status-publish","format-standard","has-post-thumbnail","hentry","category-news"],"_links":{"self":[{"href":"https:\/\/ficedula.pl\/index.php\/wp-json\/wp\/v2\/posts\/1910","targetHints":{"allow":["GET"]}}],"collection":[{"href":"https:\/\/ficedula.pl\/index.php\/wp-json\/wp\/v2\/posts"}],"about":[{"href":"https:\/\/ficedula.pl\/index.php\/wp-json\/wp\/v2\/types\/post"}],"author":[{"embeddable":true,"href":"https:\/\/ficedula.pl\/index.php\/wp-json\/wp\/v2\/users\/2"}],"replies":[{"embeddable":true,"href":"https:\/\/ficedula.pl\/index.php\/wp-json\/wp\/v2\/comments?post=1910"}],"version-history":[{"count":1,"href":"https:\/\/ficedula.pl\/index.php\/wp-json\/wp\/v2\/posts\/1910\/revisions"}],"predecessor-version":[{"id":1912,"href":"https:\/\/ficedula.pl\/index.php\/wp-json\/wp\/v2\/posts\/1910\/revisions\/1912"}],"wp:featuredmedia":[{"embeddable":true,"href":"https:\/\/ficedula.pl\/index.php\/wp-json\/wp\/v2\/media\/1911"}],"wp:attachment":[{"href":"https:\/\/ficedula.pl\/index.php\/wp-json\/wp\/v2\/media?parent=1910"}],"wp:term":[{"taxonomy":"category","embeddable":true,"href":"https:\/\/ficedula.pl\/index.php\/wp-json\/wp\/v2\/categories?post=1910"},{"taxonomy":"post_tag","embeddable":true,"href":"https:\/\/ficedula.pl\/index.php\/wp-json\/wp\/v2\/tags?post=1910"}],"curies":[{"name":"wp","href":"https:\/\/api.w.org\/{rel}","templated":true}]}}